{"id":1561,"date":"2024-12-04T12:39:00","date_gmt":"2024-12-04T10:39:00","guid":{"rendered":"https:\/\/www.foerderverein-der-baeder.de\/?p=1561"},"modified":"2024-12-12T12:58:30","modified_gmt":"2024-12-12T10:58:30","slug":"hallenbad-oeffnet-am-04-12-2024","status":"publish","type":"post","link":"https:\/\/www.foerderverein-der-baeder.de\/?p=1561","title":{"rendered":"Hallenbad seit 04.12.2024 wieder ge\u00f6ffnet"},"content":{"rendered":"\n<p>Eine freudige Nachricht f\u00fcr alle Wasserratten: Das Friedrichsthaler Hallenbad \u00f6ffnet am 04.12.2024 wieder seine Tore. Nach mehr als einem Jahr Sanierung, ist es endlich wieder soweit und das Bad steht wieder zu den gewohnten Zeiten zur Verf\u00fcgung. Alle Badeg\u00e4ste, Schulen und Vereine k\u00f6nnen nun wieder das Bad nutzen.<\/p>\n\n\n\n<p>Im Rahmen der Sanierung wurden zwei wesentliche Gewerke fertiggestellt: DIe Elektrohauptverteilung wurde komplett erneuert und endlich konnte das undichte Dach erneuert werden. Seit vielen Jahren hat sich der Regen immer wieder neue Wege ins Innere des Bades gesucht und dabei auch die D\u00e4mmung besch\u00e4digt. Das Dach wurde komplett neu ged\u00e4mmt und mit einer neuen Oberschicht versehen. Im Rahmen dieser Arbeiten wurde entschieden auch Teile der Tragkonstruktion zu erneuern. Dies f\u00fchrte letztlich zu der langen Bauzeit, da dazu auch die Innendecken samt Technik (Beleuchtung, Elektrik, L\u00fcftung) demontiert und sp\u00e4ter wieder neu montiert werden mussten. Die Sanierungskosten wurden zu rund 90% aus einem F\u00f6rderprogramm des Bundes finanziert. Die Stadt Friedrichsthal musste lediglich den Eigenanteil in H\u00f6he von 10% der Investitionssumme aufbringen.<\/p>\n","protected":false},"excerpt":{"rendered":"<p>Eine freudige Nachricht f\u00fcr alle Wasserratten: Das Friedrichsthaler Hallenbad \u00f6ffnet am 04.12.2024 wieder seine Tore. Nach mehr als einem Jahr Sanierung, ist es endlich wieder soweit und das Bad steht wieder zu den gewohnten Zeiten zur Verf\u00fcgung. Alle Badeg\u00e4ste, Schulen und Vereine k\u00f6nnen nun wieder das Bad nutzen. Im Rahmen der Sanierung wurden zwei wesentliche <a href=\"https:\/\/www.foerderverein-der-baeder.de\/?p=1561\" class=\"more-link\">...weiterlesen<span class=\"screen-reader-text\"> \"Hallenbad seit 04.12.2024 wieder ge\u00f6ffnet\"<\/span><\/a><\/p>\n","protected":false},"author":1,"featured_media":0,"comment_status":"closed","ping_status":"closed","sticky":false,"template":"","format":"standard","meta":{"footnotes":""},"categories":[1],"tags":[],"class_list":{"0":"post-1561","1":"post","2":"type-post","3":"status-publish","4":"format-standard","6":"category-allgemein","7":"h-entry","8":"hentry","9":"h-as-article"},"_links":{"self":[{"href":"https:\/\/www.foerderverein-der-baeder.de\/index.php?rest_route=\/wp\/v2\/posts\/1561","targetHints":{"allow":["GET"]}}],"collection":[{"href":"https:\/\/www.foerderverein-der-baeder.de\/index.php?rest_route=\/wp\/v2\/posts"}],"about":[{"href":"https:\/\/www.foerderverein-der-baeder.de\/index.php?rest_route=\/wp\/v2\/types\/post"}],"author":[{"embeddable":true,"href":"https:\/\/www.foerderverein-der-baeder.de\/index.php?rest_route=\/wp\/v2\/users\/1"}],"replies":[{"embeddable":true,"href":"https:\/\/www.foerderverein-der-baeder.de\/index.php?rest_route=%2Fwp%2Fv2%2Fcomments&post=1561"}],"version-history":[{"count":2,"href":"https:\/\/www.foerderverein-der-baeder.de\/index.php?rest_route=\/wp\/v2\/posts\/1561\/revisions"}],"predecessor-version":[{"id":1563,"href":"https:\/\/www.foerderverein-der-baeder.de\/index.php?rest_route=\/wp\/v2\/posts\/1561\/revisions\/1563"}],"wp:attachment":[{"href":"https:\/\/www.foerderverein-der-baeder.de\/index.php?rest_route=%2Fwp%2Fv2%2Fmedia&parent=1561"}],"wp:term":[{"taxonomy":"category","embeddable":true,"href":"https:\/\/www.foerderverein-der-baeder.de\/index.php?rest_route=%2Fwp%2Fv2%2Fcategories&post=1561"},{"taxonomy":"post_tag","embeddable":true,"href":"https:\/\/www.foerderverein-der-baeder.de\/index.php?rest_route=%2Fwp%2Fv2%2Ftags&post=1561"}],"curies":[{"name":"wp","href":"https:\/\/api.w.org\/{rel}","templated":true}]}}