{"id":1555,"date":"2024-10-17T21:04:08","date_gmt":"2024-10-17T19:04:08","guid":{"rendered":"https:\/\/www.foerderverein-der-baeder.de\/?p=1555"},"modified":"2024-10-17T21:04:08","modified_gmt":"2024-10-17T19:04:08","slug":"hallenbad-oeffnet-noch-nicht","status":"publish","type":"post","link":"https:\/\/www.foerderverein-der-baeder.de\/?p=1555","title":{"rendered":"Hallenbad \u00f6ffnet noch nicht"},"content":{"rendered":"Leider kommt es bei der Sanierung der Hallenbad-Decke zu unvorhergesehenen Verz\u00f6gerungen. Der geplante \u00d6ffungstermin Ende Oktober ist somit nicht zu halten. Ein neuer \u00d6ffnungstermin steht noch nicht fest.","protected":false},"excerpt":{"rendered":"<p>Leider kommt es bei der Sanierung der Hallenbad-Decke zu unvorhergesehenen Verz\u00f6gerungen. Der geplante \u00d6ffungstermin Ende Oktober ist somit nicht zu halten. Ein neuer \u00d6ffnungstermin steht noch nicht fest.<\/p>\n","protected":false},"author":1,"featured_media":0,"comment_status":"closed","ping_status":"closed","sticky":false,"template":"","format":"standard","meta":{"footnotes":""},"categories":[1],"tags":[],"class_list":{"0":"post-1555","1":"post","2":"type-post","3":"status-publish","4":"format-standard","6":"category-allgemein","7":"h-entry","8":"hentry","9":"h-as-article"},"_links":{"self":[{"href":"https:\/\/www.foerderverein-der-baeder.de\/index.php?rest_route=\/wp\/v2\/posts\/1555","targetHints":{"allow":["GET"]}}],"collection":[{"href":"https:\/\/www.foerderverein-der-baeder.de\/index.php?rest_route=\/wp\/v2\/posts"}],"about":[{"href":"https:\/\/www.foerderverein-der-baeder.de\/index.php?rest_route=\/wp\/v2\/types\/post"}],"author":[{"embeddable":true,"href":"https:\/\/www.foerderverein-der-baeder.de\/index.php?rest_route=\/wp\/v2\/users\/1"}],"replies":[{"embeddable":true,"href":"https:\/\/www.foerderverein-der-baeder.de\/index.php?rest_route=%2Fwp%2Fv2%2Fcomments&post=1555"}],"version-history":[{"count":1,"href":"https:\/\/www.foerderverein-der-baeder.de\/index.php?rest_route=\/wp\/v2\/posts\/1555\/revisions"}],"predecessor-version":[{"id":1556,"href":"https:\/\/www.foerderverein-der-baeder.de\/index.php?rest_route=\/wp\/v2\/posts\/1555\/revisions\/1556"}],"wp:attachment":[{"href":"https:\/\/www.foerderverein-der-baeder.de\/index.php?rest_route=%2Fwp%2Fv2%2Fmedia&parent=1555"}],"wp:term":[{"taxonomy":"category","embeddable":true,"href":"https:\/\/www.foerderverein-der-baeder.de\/index.php?rest_route=%2Fwp%2Fv2%2Fcategories&post=1555"},{"taxonomy":"post_tag","embeddable":true,"href":"https:\/\/www.foerderverein-der-baeder.de\/index.php?rest_route=%2Fwp%2Fv2%2Ftags&post=1555"}],"curies":[{"name":"wp","href":"https:\/\/api.w.org\/{rel}","templated":true}]}}