{"id":1345,"date":"2020-01-03T00:47:47","date_gmt":"2020-01-02T22:47:47","guid":{"rendered":"http:\/\/www.foerderverein-der-baeder.de\/?p=1345"},"modified":"2020-02-18T00:49:24","modified_gmt":"2020-02-17T22:49:24","slug":"langjaehriger-stammgast-unserer-baeder-gewinnt-hauptpreis","status":"publish","type":"post","link":"https:\/\/www.foerderverein-der-baeder.de\/?p=1345","title":{"rendered":"Langj\u00e4hriger Stammgast unserer B\u00e4der gewinnt Hauptpreis"},"content":{"rendered":"\n<figure class=\"wp-block-image\"><img loading=\"lazy\" decoding=\"async\" width=\"720\" height=\"960\" src=\"https:\/\/www.foerderverein-der-baeder.de\/wp-content\/uploads\/2020\/02\/Tombola-Gewinnerin.jpg\" alt=\"\" class=\"wp-image-1346\" srcset=\"https:\/\/www.foerderverein-der-baeder.de\/wp-content\/uploads\/2020\/02\/Tombola-Gewinnerin.jpg 720w, https:\/\/www.foerderverein-der-baeder.de\/wp-content\/uploads\/2020\/02\/Tombola-Gewinnerin-225x300.jpg 225w\" sizes=\"auto, (max-width: 720px) 100vw, 720px\" \/><\/figure>\n\n\n\n<p>Den Hauptpreis der Weihnachtstombola des F\u00f6rdervereins hat diesmal eine  Besucherin gewonnen, die unseren B\u00e4dern schon lange Jahre treu ist. Sie  freut sich nun \u00fcber eine kostenlose Jahreskarte f\u00fcr Frei- und  Hallenbad. Herzlichen Gl\u00fcckwunsch.<\/p>\n","protected":false},"excerpt":{"rendered":"<p>Den Hauptpreis der Weihnachtstombola des F\u00f6rdervereins hat diesmal eine Besucherin gewonnen, die unseren B\u00e4dern schon lange Jahre treu ist. Sie freut sich nun \u00fcber eine kostenlose Jahreskarte f\u00fcr Frei- und Hallenbad. Herzlichen Gl\u00fcckwunsch.<\/p>\n","protected":false},"author":1,"featured_media":0,"comment_status":"closed","ping_status":"closed","sticky":false,"template":"","format":"standard","meta":{"footnotes":""},"categories":[1],"tags":[],"class_list":{"0":"post-1345","1":"post","2":"type-post","3":"status-publish","4":"format-standard","6":"category-allgemein","7":"h-entry","8":"hentry","9":"h-as-article"},"_links":{"self":[{"href":"https:\/\/www.foerderverein-der-baeder.de\/index.php?rest_route=\/wp\/v2\/posts\/1345","targetHints":{"allow":["GET"]}}],"collection":[{"href":"https:\/\/www.foerderverein-der-baeder.de\/index.php?rest_route=\/wp\/v2\/posts"}],"about":[{"href":"https:\/\/www.foerderverein-der-baeder.de\/index.php?rest_route=\/wp\/v2\/types\/post"}],"author":[{"embeddable":true,"href":"https:\/\/www.foerderverein-der-baeder.de\/index.php?rest_route=\/wp\/v2\/users\/1"}],"replies":[{"embeddable":true,"href":"https:\/\/www.foerderverein-der-baeder.de\/index.php?rest_route=%2Fwp%2Fv2%2Fcomments&post=1345"}],"version-history":[{"count":1,"href":"https:\/\/www.foerderverein-der-baeder.de\/index.php?rest_route=\/wp\/v2\/posts\/1345\/revisions"}],"predecessor-version":[{"id":1347,"href":"https:\/\/www.foerderverein-der-baeder.de\/index.php?rest_route=\/wp\/v2\/posts\/1345\/revisions\/1347"}],"wp:attachment":[{"href":"https:\/\/www.foerderverein-der-baeder.de\/index.php?rest_route=%2Fwp%2Fv2%2Fmedia&parent=1345"}],"wp:term":[{"taxonomy":"category","embeddable":true,"href":"https:\/\/www.foerderverein-der-baeder.de\/index.php?rest_route=%2Fwp%2Fv2%2Fcategories&post=1345"},{"taxonomy":"post_tag","embeddable":true,"href":"https:\/\/www.foerderverein-der-baeder.de\/index.php?rest_route=%2Fwp%2Fv2%2Ftags&post=1345"}],"curies":[{"name":"wp","href":"https:\/\/api.w.org\/{rel}","templated":true}]}}