{"id":1115,"date":"2019-03-24T21:33:58","date_gmt":"2019-03-24T19:33:58","guid":{"rendered":"http:\/\/www.foerderverein-der-baeder.de\/?p=1115"},"modified":"2019-03-24T21:33:58","modified_gmt":"2019-03-24T19:33:58","slug":"fackellaeufer-sammeln-rund-3-500-eur","status":"publish","type":"post","link":"https:\/\/www.foerderverein-der-baeder.de\/?p=1115","title":{"rendered":"Fackell\u00e4ufer sammeln rund 3.500 EUR"},"content":{"rendered":"\n<p class=\"has-medium-font-size\"><strong>Gasthaus \"Zum Heinz\" sammelte am meisten<\/strong><\/p>\n\n\n\n<p>Die Sammeldosen sind alle eingesammelt und ausgez\u00e4hlt. Und das Ergebnis der Sammlung kann sich mehr als sehen lassen. Insgesamt sammelten die stadtbekannten, blau-wei\u00df geringelten L\u00e4ufer rund EUR 3.500,- w\u00e4hrend der \"Fackell\u00e4ufer-Saison 2019\". Los ging es bereits am Weihnachtsmarkt, wo die ersten Fackell\u00e4ufer den Besuchern des Marktes mit ihren Sammeldosen \"zu Leibe r\u00fcckten\". Weiter ging es dann in der Faschingssaison, wo der \"Ringel-Fackel-L\u00e4ufer-Chor\" je eine Sitzung der drei st\u00e4dtischen Karnevalsvereine besuchte, schr\u00e4ge Lieder sang und anschlie\u00dfend die Zuschauer um Spenden bat. Auch beim Faschingsumzug schonte man die vielen Zuschauer nicht und sammelte am Stra\u00dfenrand f\u00fcr die Erhaltung der Schwimmb\u00e4der. Schlu\u00dfpunkt war dann der traditionelle Fackellauf durch die Kneipen der Stadt in der Woche nach Fasching. Auch hierbei traf man immer wieder auf spendenfreudige Kneipenbesucher und konnte f\u00fcr den Erhalt der B\u00e4der werben.<\/p>\n\n\n\n<figure class=\"wp-block-image\"><img loading=\"lazy\" decoding=\"async\" width=\"960\" height=\"640\" src=\"https:\/\/www.foerderverein-der-baeder.de\/wp-content\/uploads\/2019\/03\/DSCF1827_web.jpg\" alt=\"\" class=\"wp-image-1116\" srcset=\"https:\/\/www.foerderverein-der-baeder.de\/wp-content\/uploads\/2019\/03\/DSCF1827_web.jpg 960w, https:\/\/www.foerderverein-der-baeder.de\/wp-content\/uploads\/2019\/03\/DSCF1827_web-300x200.jpg 300w, https:\/\/www.foerderverein-der-baeder.de\/wp-content\/uploads\/2019\/03\/DSCF1827_web-768x512.jpg 768w\" sizes=\"auto, (max-width: 960px) 100vw, 960px\" \/><figcaption>\u00dcbergabe von Pokal und Urkunde an den \"Gewinner-Wirt\" Heinz Engelfried<\/figcaption><\/figure>\n\n\n\n<p>\nNach dem Kassensturz, der in den R\u00e4umen der Volksbank stattfand, stand \ndann auch der \"Gewinnerwirt\" fest. Und damit als Endsumme ein sch\u00f6ner \nrunder Betrag auf dem Papier steht, rundet die Volksbank das \nSammelergebnis immer noch etwas auf.\n\n<\/p>\n\n\n\n<p>Am meisten gesammelt wurde im Gasthaus \"Zum Heinz\". Als kleines Dankesch\u00f6n erhielt Heinz Engelfried den neuen Wanderpokal f\u00fcr den besten Sammler. Der F\u00f6rderverein der B\u00e4der bedankt sich bei allen Wirten, die die Aktion unterst\u00fctzen und nat\u00fcrlich besonders bei deren G\u00e4sten, die daf\u00fcr sorgen, dass unsere Sammeldosen nicht leer bleiben.<\/p>\n\n\n\n<p>Zu dem Ergebnis des Fackellaufes, kommen noch EUR 1.500,- aus der j\u00e4hrlichen Tombola im Hallenbad dazu, so da\u00df die Kassiererin des F\u00f6rdervereins sich insgesamt \u00fcber einen Zuwachs von EUR 5.000,- in der Kasse freuen durfte. Nat\u00fcrlich wird auch dieses Geld ausschlie\u00dflich f\u00fcr den Erhalt und die Verbesserung der B\u00e4der eingesetzt.<\/p>\n","protected":false},"excerpt":{"rendered":"<p>Gasthaus \"Zum Heinz\" sammelte am meisten Die Sammeldosen sind alle eingesammelt und ausgez\u00e4hlt. Und das Ergebnis der Sammlung kann sich mehr als sehen lassen. Insgesamt sammelten die stadtbekannten, blau-wei\u00df geringelten L\u00e4ufer rund EUR 3.500,- w\u00e4hrend der \"Fackell\u00e4ufer-Saison 2019\". Los ging es bereits am Weihnachtsmarkt, wo die ersten Fackell\u00e4ufer den Besuchern des Marktes mit ihren Sammeldosen <a href=\"https:\/\/www.foerderverein-der-baeder.de\/?p=1115\" class=\"more-link\">...weiterlesen<span class=\"screen-reader-text\"> \"Fackell\u00e4ufer sammeln rund 3.500 EUR\"<\/span><\/a><\/p>\n","protected":false},"author":1,"featured_media":0,"comment_status":"closed","ping_status":"closed","sticky":false,"template":"","format":"standard","meta":{"footnotes":""},"categories":[1],"tags":[],"class_list":{"0":"post-1115","1":"post","2":"type-post","3":"status-publish","4":"format-standard","6":"category-allgemein","7":"h-entry","8":"hentry","9":"h-as-article"},"_links":{"self":[{"href":"https:\/\/www.foerderverein-der-baeder.de\/index.php?rest_route=\/wp\/v2\/posts\/1115","targetHints":{"allow":["GET"]}}],"collection":[{"href":"https:\/\/www.foerderverein-der-baeder.de\/index.php?rest_route=\/wp\/v2\/posts"}],"about":[{"href":"https:\/\/www.foerderverein-der-baeder.de\/index.php?rest_route=\/wp\/v2\/types\/post"}],"author":[{"embeddable":true,"href":"https:\/\/www.foerderverein-der-baeder.de\/index.php?rest_route=\/wp\/v2\/users\/1"}],"replies":[{"embeddable":true,"href":"https:\/\/www.foerderverein-der-baeder.de\/index.php?rest_route=%2Fwp%2Fv2%2Fcomments&post=1115"}],"version-history":[{"count":1,"href":"https:\/\/www.foerderverein-der-baeder.de\/index.php?rest_route=\/wp\/v2\/posts\/1115\/revisions"}],"predecessor-version":[{"id":1117,"href":"https:\/\/www.foerderverein-der-baeder.de\/index.php?rest_route=\/wp\/v2\/posts\/1115\/revisions\/1117"}],"wp:attachment":[{"href":"https:\/\/www.foerderverein-der-baeder.de\/index.php?rest_route=%2Fwp%2Fv2%2Fmedia&parent=1115"}],"wp:term":[{"taxonomy":"category","embeddable":true,"href":"https:\/\/www.foerderverein-der-baeder.de\/index.php?rest_route=%2Fwp%2Fv2%2Fcategories&post=1115"},{"taxonomy":"post_tag","embeddable":true,"href":"https:\/\/www.foerderverein-der-baeder.de\/index.php?rest_route=%2Fwp%2Fv2%2Ftags&post=1115"}],"curies":[{"name":"wp","href":"https:\/\/api.w.org\/{rel}","templated":true}]}}