{"id":1108,"date":"2019-03-24T21:29:00","date_gmt":"2019-03-24T19:29:00","guid":{"rendered":"http:\/\/www.foerderverein-der-baeder.de\/?p=1108"},"modified":"2019-03-24T21:29:41","modified_gmt":"2019-03-24T19:29:41","slug":"gulaschsupp-fuer-die-baeder","status":"publish","type":"post","link":"https:\/\/www.foerderverein-der-baeder.de\/?p=1108","title":{"rendered":"Gulaschsupp&#8216; f\u00fcr die B\u00e4der"},"content":{"rendered":"\n<p>Eine sch\u00f6ne Aktion zur Unterst\u00fctzung des F\u00f6rderverein der B\u00e4der der Stadt Friedrichsthal hatte sich Nicole Gie\u00dfelmann von hecha mode einfallen lassen. Schon in der Woche vor Fasching fiel ein Schaufenster besonders ins Auge: Dekoriert ganz im Stile der Fackell\u00e4ufer, die immer wieder f\u00fcr die B\u00e4der im Ort sammeln. Am Friedrichsthaler Faschingsumzug bot Nicole Gie\u00dfelmann dann vor Ihrem Gesch\u00e4ft leckere Gulaschsuppe gegen eine Spende f\u00fcr den F\u00f6rderverein an. Das Angebot wurde von vielen G\u00e4sten angenommen und so kam ein sch\u00f6nes S\u00fcmmchen zusammen. hecha mode hat den Betrag dann noch aufgerundet und konnte so EUR 200,- an den F\u00f6rderverein \u00fcbergeben. Ein besonderer Dank geht an Wolfgang Kuhn, der f\u00fcr die Zutaten und die \u00fcberaus leckere Zubereitung der Gulaschsuppe verantwortlich zeichnete.<\/p>\n\n\n\n<figure class=\"wp-block-image\"><img loading=\"lazy\" decoding=\"async\" width=\"960\" height=\"640\" src=\"https:\/\/www.foerderverein-der-baeder.de\/wp-content\/uploads\/2019\/03\/He-Cha-4-_web.jpg\" alt=\"\" class=\"wp-image-1109\" srcset=\"https:\/\/www.foerderverein-der-baeder.de\/wp-content\/uploads\/2019\/03\/He-Cha-4-_web.jpg 960w, https:\/\/www.foerderverein-der-baeder.de\/wp-content\/uploads\/2019\/03\/He-Cha-4-_web-300x200.jpg 300w, https:\/\/www.foerderverein-der-baeder.de\/wp-content\/uploads\/2019\/03\/He-Cha-4-_web-768x512.jpg 768w\" sizes=\"auto, (max-width: 960px) 100vw, 960px\" \/><figcaption>Freuen sich \u00fcber die gelungene Aktion: Markus Walter (Vorsitzender des F\u00f6rdervereins), hecha-Inhaberin Nicole Gie\u00dfelmann und Koch Wolfgang Kuhn<\/figcaption><\/figure>\n\n\n\n<!--more-->\n\n\n\n<p>Der F\u00f6rderverein bedankt sich sehr herzlich bei Nicole und Ihrem hecha-Team f\u00fcr die vielf\u00e4ltige Unterst\u00fctzung. Schon seit Gr\u00fcndung des F\u00f6rdervereins, geh\u00f6rt hecha mode zu unseren tatkr\u00e4ftigen Unterst\u00fctzern. \u00dcber lange Jahre hatten Charlotte und Heribert Lang (der \u00fcbrigens der \"Erfinder\" des Friedrichsthaler Fackellaufes ist) stets ein offenes Ohr f\u00fcr den F\u00f6rderverein. Und die jetzige Inhaberin Nicole Gie\u00dfelmann, hat diese Unterst\u00fctzung nahtlos weitergef\u00fchrt. Vielen Dank daf\u00fcr.<\/p>\n\n\n\n<figure class=\"wp-block-image\"><img loading=\"lazy\" decoding=\"async\" width=\"960\" height=\"640\" src=\"https:\/\/www.foerderverein-der-baeder.de\/wp-content\/uploads\/2019\/03\/Faasenacht-5_web.jpg\" alt=\"\" class=\"wp-image-1110\" srcset=\"https:\/\/www.foerderverein-der-baeder.de\/wp-content\/uploads\/2019\/03\/Faasenacht-5_web.jpg 960w, https:\/\/www.foerderverein-der-baeder.de\/wp-content\/uploads\/2019\/03\/Faasenacht-5_web-300x200.jpg 300w, https:\/\/www.foerderverein-der-baeder.de\/wp-content\/uploads\/2019\/03\/Faasenacht-5_web-768x512.jpg 768w\" sizes=\"auto, (max-width: 960px) 100vw, 960px\" \/><figcaption>Ein Schaufenster war passend zum Fackellauf dekoriert...<\/figcaption><\/figure>\n\n\n\n<figure class=\"wp-block-image\"><img loading=\"lazy\" decoding=\"async\" width=\"960\" height=\"640\" src=\"https:\/\/www.foerderverein-der-baeder.de\/wp-content\/uploads\/2019\/03\/Faasenacht-4_web.jpg\" alt=\"\" class=\"wp-image-1111\" srcset=\"https:\/\/www.foerderverein-der-baeder.de\/wp-content\/uploads\/2019\/03\/Faasenacht-4_web.jpg 960w, https:\/\/www.foerderverein-der-baeder.de\/wp-content\/uploads\/2019\/03\/Faasenacht-4_web-300x200.jpg 300w, https:\/\/www.foerderverein-der-baeder.de\/wp-content\/uploads\/2019\/03\/Faasenacht-4_web-768x512.jpg 768w\" sizes=\"auto, (max-width: 960px) 100vw, 960px\" \/><figcaption>... und wurde am sp\u00e4ten Abend nach dem Faschingsumzug noch mit lebenden Schaufensterpuppen aufgewertet...  \ud83d\ude09<\/figcaption><\/figure>\n\n\n\n<p><\/p>\n","protected":false},"excerpt":{"rendered":"<p>Eine sch\u00f6ne Aktion zur Unterst\u00fctzung des F\u00f6rderverein der B\u00e4der der Stadt Friedrichsthal hatte sich Nicole Gie\u00dfelmann von hecha mode einfallen lassen. Schon in der Woche vor Fasching fiel ein Schaufenster besonders ins Auge: Dekoriert ganz im Stile der Fackell\u00e4ufer, die immer wieder f\u00fcr die B\u00e4der im Ort sammeln. Am Friedrichsthaler Faschingsumzug bot Nicole Gie\u00dfelmann dann <a href=\"https:\/\/www.foerderverein-der-baeder.de\/?p=1108\" class=\"more-link\">...weiterlesen<span class=\"screen-reader-text\"> \"Gulaschsupp&#8216; f\u00fcr die B\u00e4der\"<\/span><\/a><\/p>\n","protected":false},"author":1,"featured_media":0,"comment_status":"closed","ping_status":"closed","sticky":false,"template":"","format":"standard","meta":{"footnotes":""},"categories":[1],"tags":[],"class_list":{"0":"post-1108","1":"post","2":"type-post","3":"status-publish","4":"format-standard","6":"category-allgemein","7":"h-entry","8":"hentry","9":"h-as-article"},"_links":{"self":[{"href":"https:\/\/www.foerderverein-der-baeder.de\/index.php?rest_route=\/wp\/v2\/posts\/1108","targetHints":{"allow":["GET"]}}],"collection":[{"href":"https:\/\/www.foerderverein-der-baeder.de\/index.php?rest_route=\/wp\/v2\/posts"}],"about":[{"href":"https:\/\/www.foerderverein-der-baeder.de\/index.php?rest_route=\/wp\/v2\/types\/post"}],"author":[{"embeddable":true,"href":"https:\/\/www.foerderverein-der-baeder.de\/index.php?rest_route=\/wp\/v2\/users\/1"}],"replies":[{"embeddable":true,"href":"https:\/\/www.foerderverein-der-baeder.de\/index.php?rest_route=%2Fwp%2Fv2%2Fcomments&post=1108"}],"version-history":[{"count":3,"href":"https:\/\/www.foerderverein-der-baeder.de\/index.php?rest_route=\/wp\/v2\/posts\/1108\/revisions"}],"predecessor-version":[{"id":1114,"href":"https:\/\/www.foerderverein-der-baeder.de\/index.php?rest_route=\/wp\/v2\/posts\/1108\/revisions\/1114"}],"wp:attachment":[{"href":"https:\/\/www.foerderverein-der-baeder.de\/index.php?rest_route=%2Fwp%2Fv2%2Fmedia&parent=1108"}],"wp:term":[{"taxonomy":"category","embeddable":true,"href":"https:\/\/www.foerderverein-der-baeder.de\/index.php?rest_route=%2Fwp%2Fv2%2Fcategories&post=1108"},{"taxonomy":"post_tag","embeddable":true,"href":"https:\/\/www.foerderverein-der-baeder.de\/index.php?rest_route=%2Fwp%2Fv2%2Ftags&post=1108"}],"curies":[{"name":"wp","href":"https:\/\/api.w.org\/{rel}","templated":true}]}}